{"id":361,"date":"2025-01-18T20:04:38","date_gmt":"2025-01-18T20:04:38","guid":{"rendered":"https:\/\/ostseedorf-schlichow.de\/?p=361"},"modified":"2025-01-22T18:48:30","modified_gmt":"2025-01-22T18:48:30","slug":"suedeck","status":"publish","type":"post","link":"https:\/\/ostseedorf-schlichow.de\/?p=361","title":{"rendered":"S\u00fcdeck"},"content":{"rendered":"\n<p>Ganz im S\u00fcden des Cottbuser Ostsees richtete der damalige Tagebaubetreiber Vattenfall 2009 einen Aussichtspunkt mit&nbsp; Schutzh\u00fctte, Schautafeln und zwei Liegest\u00fchlen ein. Das obige Foto stammt von 2018. Nun, im Dezember 2024, ist der See gef\u00fcllt, doch 2 Meter hohe Kiefern versperren nun die Sicht auf das Wasser.<\/p>\n\n\n\n<p>Dieser Rastplatz ist ca. 3 km von Schlichow entfernt. Der S\u00fcdrandschlauch ist die tiefste Stelle (ca.20-30m) des Sees und f\u00fcllte sich schon seit Jahren mit Grundwasser.<\/p>\n\n\n\n<p>Schautafeln berichten vom Wandel der Landschaft und erkl\u00e4ren die entstehenden Abschnitte des Seeufers.<\/p>\n\n\n\n<figure class=\"wp-block-gallery has-nested-images columns-default is-cropped wp-block-gallery-1 is-layout-flex wp-block-gallery-is-layout-flex\">\n<figure class=\"wp-block-image size-large\"><img loading=\"lazy\" decoding=\"async\" width=\"1024\" height=\"454\" data-id=\"553\" src=\"https:\/\/ostseedorf-schlichow.de\/wp-content\/uploads\/2018\/06\/20180513-22801-1024x454.jpg\" alt=\"\" class=\"wp-image-553\" srcset=\"https:\/\/ostseedorf-schlichow.de\/wp-content\/uploads\/2018\/06\/20180513-22801.jpg 1024w, https:\/\/ostseedorf-schlichow.de\/wp-content\/uploads\/2018\/06\/20180513-22801-300x133.jpg 300w, https:\/\/ostseedorf-schlichow.de\/wp-content\/uploads\/2018\/06\/20180513-22801-768x341.jpg 768w\" sizes=\"auto, (max-width: 1024px) 100vw, 1024px\" \/><\/figure>\n\n\n\n<figure class=\"wp-block-image size-large\"><img loading=\"lazy\" decoding=\"async\" width=\"448\" height=\"298\" data-id=\"470\" src=\"https:\/\/ostseedorf-schlichow.de\/wp-content\/uploads\/2018\/06\/IMG_8189.jpg\" alt=\"\" class=\"wp-image-470\" srcset=\"https:\/\/ostseedorf-schlichow.de\/wp-content\/uploads\/2018\/06\/IMG_8189.jpg 448w, https:\/\/ostseedorf-schlichow.de\/wp-content\/uploads\/2018\/06\/IMG_8189-300x200.jpg 300w\" sizes=\"auto, (max-width: 448px) 100vw, 448px\" \/><\/figure>\n\n\n\n<figure class=\"wp-block-image size-large\"><img loading=\"lazy\" decoding=\"async\" width=\"448\" height=\"298\" data-id=\"469\" src=\"https:\/\/ostseedorf-schlichow.de\/wp-content\/uploads\/2018\/06\/IMG_8182.jpg\" alt=\"\" class=\"wp-image-469\" srcset=\"https:\/\/ostseedorf-schlichow.de\/wp-content\/uploads\/2018\/06\/IMG_8182.jpg 448w, https:\/\/ostseedorf-schlichow.de\/wp-content\/uploads\/2018\/06\/IMG_8182-300x200.jpg 300w\" sizes=\"auto, (max-width: 448px) 100vw, 448px\" \/><\/figure>\n\n\n\n<figure class=\"wp-block-image size-large\"><img loading=\"lazy\" decoding=\"async\" width=\"1024\" height=\"682\" data-id=\"427\" src=\"https:\/\/ostseedorf-schlichow.de\/wp-content\/uploads\/2018\/06\/IMG_8012-1024x682.jpg\" alt=\"\" class=\"wp-image-427\" srcset=\"https:\/\/ostseedorf-schlichow.de\/wp-content\/uploads\/2018\/06\/IMG_8012.jpg 1024w, https:\/\/ostseedorf-schlichow.de\/wp-content\/uploads\/2018\/06\/IMG_8012-300x200.jpg 300w, https:\/\/ostseedorf-schlichow.de\/wp-content\/uploads\/2018\/06\/IMG_8012-768x512.jpg 768w\" sizes=\"auto, (max-width: 1024px) 100vw, 1024px\" \/><\/figure>\n\n\n\n<figure class=\"wp-block-image size-large\"><img loading=\"lazy\" decoding=\"async\" width=\"1024\" height=\"682\" data-id=\"430\" src=\"https:\/\/ostseedorf-schlichow.de\/wp-content\/uploads\/2018\/06\/IMG_8015-1024x682.jpg\" alt=\"\" class=\"wp-image-430\" srcset=\"https:\/\/ostseedorf-schlichow.de\/wp-content\/uploads\/2018\/06\/IMG_8015.jpg 1024w, https:\/\/ostseedorf-schlichow.de\/wp-content\/uploads\/2018\/06\/IMG_8015-300x200.jpg 300w, https:\/\/ostseedorf-schlichow.de\/wp-content\/uploads\/2018\/06\/IMG_8015-768x512.jpg 768w\" sizes=\"auto, (max-width: 1024px) 100vw, 1024px\" \/><\/figure>\n<\/figure>\n\n\n\n<p>Diese Fotos wurden 2018 aufgenommen.<\/p>\n\n\n\n<figure class=\"wp-block-gallery has-nested-images columns-default is-cropped wp-block-gallery-2 is-layout-flex wp-block-gallery-is-layout-flex\">\n<figure class=\"wp-block-image size-large\"><img loading=\"lazy\" decoding=\"async\" width=\"1024\" height=\"768\" data-id=\"1019\" src=\"https:\/\/ostseedorf-schlichow.de\/wp-content\/uploads\/2025\/01\/IMG_7263-1024x768.jpg\" alt=\"\" class=\"wp-image-1019\" srcset=\"https:\/\/ostseedorf-schlichow.de\/wp-content\/uploads\/2025\/01\/IMG_7263-1024x768.jpg 1024w, https:\/\/ostseedorf-schlichow.de\/wp-content\/uploads\/2025\/01\/IMG_7263-300x225.jpg 300w, https:\/\/ostseedorf-schlichow.de\/wp-content\/uploads\/2025\/01\/IMG_7263-768x576.jpg 768w, https:\/\/ostseedorf-schlichow.de\/wp-content\/uploads\/2025\/01\/IMG_7263-1536x1152.jpg 1536w, https:\/\/ostseedorf-schlichow.de\/wp-content\/uploads\/2025\/01\/IMG_7263-2048x1536.jpg 2048w\" sizes=\"auto, (max-width: 1024px) 100vw, 1024px\" \/><\/figure>\n<\/figure>\n\n\n\n<p>Aufnahme: Januar 2025<\/p>\n","protected":false},"excerpt":{"rendered":"<p>Ganz im S\u00fcden des Cottbuser Ostsees richtete der damalige Tagebaubetreiber Vattenfall 2009 einen Aussichtspunkt mit&nbsp; Schutzh\u00fctte, Schautafeln und zwei Liegest\u00fchlen <a class=\"more-link\" href=\"https:\/\/ostseedorf-schlichow.de\/?p=361\">Weiterlesen\u00a0\u2026<\/a><\/p>\n","protected":false},"author":1,"featured_media":553,"comment_status":"closed","ping_status":"open","sticky":false,"template":"","format":"standard","meta":{"footnotes":""},"categories":[14],"tags":[],"class_list":["post-361","post","type-post","status-publish","format-standard","has-post-thumbnail","hentry","category-attraktionen"],"_links":{"self":[{"href":"https:\/\/ostseedorf-schlichow.de\/index.php?rest_route=\/wp\/v2\/posts\/361","targetHints":{"allow":["GET"]}}],"collection":[{"href":"https:\/\/ostseedorf-schlichow.de\/index.php?rest_route=\/wp\/v2\/posts"}],"about":[{"href":"https:\/\/ostseedorf-schlichow.de\/index.php?rest_route=\/wp\/v2\/types\/post"}],"author":[{"embeddable":true,"href":"https:\/\/ostseedorf-schlichow.de\/index.php?rest_route=\/wp\/v2\/users\/1"}],"replies":[{"embeddable":true,"href":"https:\/\/ostseedorf-schlichow.de\/index.php?rest_route=%2Fwp%2Fv2%2Fcomments&post=361"}],"version-history":[{"count":20,"href":"https:\/\/ostseedorf-schlichow.de\/index.php?rest_route=\/wp\/v2\/posts\/361\/revisions"}],"predecessor-version":[{"id":1028,"href":"https:\/\/ostseedorf-schlichow.de\/index.php?rest_route=\/wp\/v2\/posts\/361\/revisions\/1028"}],"wp:featuredmedia":[{"embeddable":true,"href":"https:\/\/ostseedorf-schlichow.de\/index.php?rest_route=\/wp\/v2\/media\/553"}],"wp:attachment":[{"href":"https:\/\/ostseedorf-schlichow.de\/index.php?rest_route=%2Fwp%2Fv2%2Fmedia&parent=361"}],"wp:term":[{"taxonomy":"category","embeddable":true,"href":"https:\/\/ostseedorf-schlichow.de\/index.php?rest_route=%2Fwp%2Fv2%2Fcategories&post=361"},{"taxonomy":"post_tag","embeddable":true,"href":"https:\/\/ostseedorf-schlichow.de\/index.php?rest_route=%2Fwp%2Fv2%2Ftags&post=361"}],"curies":[{"name":"wp","href":"https:\/\/api.w.org\/{rel}","templated":true}]}}